{"id":499,"date":"2026-01-01T10:45:58","date_gmt":"2026-01-01T09:45:58","guid":{"rendered":"https:\/\/savohead.com\/home\/?p=499"},"modified":"2026-01-01T11:32:19","modified_gmt":"2026-01-01T10:32:19","slug":"errare","status":"publish","type":"post","link":"https:\/\/savohead.com\/home\/blog-affondo-perduto\/errare\/","title":{"rendered":"Errare"},"content":{"rendered":"\n<p class=\"has-system-monospace-font-family\">Sbagliare camminando.<\/p>\n\n\n\n<p class=\"has-system-monospace-font-family\">Io non so quando io abbia accresciuto il mio privilegio di poter sentir male nelle piccole cose di una vita agiata. Gi\u00e0 rifiutare un cibo da piccolo, \u00e8 un qualcosa che ho imparato a smettere, e che se uno ci si aggrappa, finisce che diventa base per costruirci fumetti.<\/p>\n\n\n\n<p class=\"has-system-monospace-font-family\">Quando un trauma diventa tale?!<br>Perch\u00e9?!<br>Perch\u00e9 questo e non altro?!<br>\u00c8 sempre caso o anche voglia, tendenza, necessit\u00e0, speranza?!<br>Secondo me se una persona si attacca a un trauma, oltre a non doverne aver pena o metterla in bambagia, la compassione dovrebbe comprendere il trovare un meccanismo per disinnescare l&#8217;importanza del fatto, senza invalidarlo. Perch\u00e9 un sacco di volte, m&#8217;\u00e8 capitato di fare lo stesso male che qualcuno mi racconta come enorme, e dall&#8217;altra parte, chi era con me e l&#8217;ha subito, magari non lo ricorda neanche.<\/p>\n\n\n\n<p class=\"has-system-monospace-font-family\">Quindi quando ho deciso che l&#8217;aver vomitato piangendo i cavoletti di Bruxelles ed esser stato costretto a finire comunque il piatto, non sia diventato il motivo per cui ora sono grasso?! E quando da &#8220;vittima&#8221; son diventato quello che vede e nota soltanto che il mondo \u00e8 pieno di bimbe e bimbi che cronicamente non finiscono mai quel che hanno nel piatto?! E perch\u00e9 mi d\u00e0 fastidio?! Perch\u00e9 non riesco sempre a metterlo nell'&#8221;ok&#8221;?!<\/p>\n\n\n\n<p class=\"has-system-monospace-font-family\">Spieghiamo l'&#8221;ok&#8221;. Non ci vuole molto.<br>Avete visto <strong>Eternal sunshine of the spotless mind<\/strong>?! Ecco. Quello.<br>Il finale (che \u00e8 bello perch\u00e9 non \u00e8 finale), ma soprattutto il tono in cui viene detto, \u00e8 &#8220;la mia filosofia di vita&#8221;.<br>L&#8217;ho detto mille volte, ma non sempre riesco a seguirla, non sempre riesco a mettere le cose nell'&#8221;ok&#8221;, non sempre ne ho la forza (servirebbe un altro termine, perch\u00e9 mi da sempre di &#8220;bruta&#8221; o di &#8220;contraria&#8221; o di &#8220;macho&#8221;, quando invece \u00e8 un&#8217;energia, un abbrivio, un flusso).<br>Ho anche provato a tradurlo nel &#8220;va bene&#8221;, senza le costrizioni del doppiaggio e perch\u00e9 non fosse troppo &#8220;americano&#8221; (che anche qui, devo imparare a dire &#8220;statunitense&#8221;, perch\u00e9 l&#8217;america \u00e8 molte altre cose e chi era realmente l\u00ec, ha un sacco di cose ben migliori di chi era qui, dove ci si crede tanto culla). Per\u00f2 non va sempre bene, il va bene. Perde un po&#8217; di forza (appunto), ma anche di leggerezza&#8230; forse anche perch\u00e9 lo si \u00e8 abusato, come tante parole, tipo libert\u00e0.<\/p>\n\n\n\n<p class=\"has-system-monospace-font-family\">E quindi, ecco: perch\u00e9 e quando uno smette di essere &#8220;vittima&#8221; e diventa &#8220;carnefice&#8221; (ci sarebbe anche da nonviolentizzare un po&#8217; di metafore, ma ci vorr\u00e0 tempo). Io non voglio diventare come quei giocatori di Magic (e uso il maschile per percentuale, e perch\u00e9 sto per dire una cosa poco lusinghiera, quindi non vorrei fosse legata al genere) che venivano bullizzati a scuola, si chiudevano, trovavano sfogo nei giochi di ruolo e diventavano nazisti, perch\u00e9 il potere che si sente nel gestire il gioco, faceva credere loro di esser meglio di chi li aveva maltrattati, sperando fortissimo di poter prima o poi seviziare a loro volta qualcuno (tipo Israele).<\/p>\n\n\n\n<p class=\"has-system-monospace-font-family\">Ecco, perch\u00e9 ci viene questa cosa?! Che giustizia \u00e8 il perpetrare il male?!<br>Ci vuole davvero cos\u00ec tanta forza per &#8220;rompere il ciclo&#8221;?!<\/p>\n\n\n\n<p class=\"has-system-monospace-font-family\">Mah&#8230;<\/p>\n\n\n\n<p class=\"has-system-monospace-font-family\">Secondo me no, sai?!<\/p>\n\n\n\n<p class=\"has-system-monospace-font-family\">Intendo, non lo si pu\u00f2 fare sempre, ovvio. Non si pu\u00f2 avere sempre la forza di cambiare le cose, o non metterle tra i traumi, o non far del male, o fermarsi a riflettere, o imparare, o leggere, o informarsi&#8230; ecco, non si pu\u00f2 sempre avere quel flusso, quell&#8217;energia, quella cosa che serve per dire &#8220;ok&#8221; e alzare le spalle come a dire &#8220;allora troviamo un modo per cui sia ok anche per te che mi stai dicendo tutto questo brutto&#8221;.<\/p>\n\n\n\n<p class=\"has-system-monospace-font-family\">\u00c8 umano, in fondo, il vagare senza meta, sbagliando.<\/p>\n\n\n\n<p class=\"has-system-monospace-font-family\">E visto che non c&#8217;\u00e8 un divino, cos\u00ec come non c&#8217;\u00e8 un diabolico, \u00e8 umano anche il perseverare.<\/p>\n\n\n\n<p class=\"has-system-monospace-font-family\">Forse bisognerebbe cominciare a pensare che si pu\u00f2 anche non smettere del tutto, ma smettere ogni tanto&#8230; questo \u00e8 fattibile, no?!<\/p>\n\n\n\n<p class=\"has-system-monospace-font-family\">Io non \u00e8 che non sbaglier\u00f2 pi\u00f9, da oggi, per\u00f2 vorrei tanto continuare ad avere l&#8217;energia di cercare di scegliere di non prender le cose come traumi, ma soprattutto di non crearne scegliendo scientemente d&#8217;aggrapparmi all&#8217;ego.<\/p>\n\n\n\n<p class=\"has-system-monospace-font-family\">Quest&#8217;anno inizio (che in realt\u00e0 \u00e8 un continuare, ma da oggi \u00e8 un dirlo apertamente e dettagliarlo, raccontarlo, provarci&#8230;) a togliermi dalle piattaforme commerciali. Un po&#8217; come ho fatto anni fa dalla chiesa.<\/p>\n\n\n\n<p class=\"has-system-monospace-font-family\">Se poi dovessi farcela&#8230;<br>Se poi non dovessi farcela&#8230;<\/p>\n\n\n\n<p class=\"has-system-monospace-font-family\">ok&#8230;<\/p>\n","protected":false},"excerpt":{"rendered":"<p>Sbagliare camminando. Io non so quando io abbia accresciuto il mio privilegio di poter sentir male nelle piccole cose di una vita agiata. Gi\u00e0 rifiutare un cibo da piccolo, \u00e8 un qualcosa che ho imparato a smettere, e che se uno ci si aggrappa, finisce che diventa base per costruirci fumetti. Quando un trauma diventa [&hellip;]<\/p>\n","protected":false},"author":1,"featured_media":0,"comment_status":"open","ping_status":"open","sticky":false,"template":"","format":"standard","meta":{"activitypub_content_warning":"","activitypub_content_visibility":"","activitypub_max_image_attachments":4,"activitypub_interaction_policy_quote":"anyone","activitypub_status":"federated","footnotes":""},"categories":[37],"tags":[],"class_list":["post-499","post","type-post","status-publish","format-standard","hentry","category-blog-affondo-perduto"],"_links":{"self":[{"href":"https:\/\/savohead.com\/home\/wp-json\/wp\/v2\/posts\/499","targetHints":{"allow":["GET"]}}],"collection":[{"href":"https:\/\/savohead.com\/home\/wp-json\/wp\/v2\/posts"}],"about":[{"href":"https:\/\/savohead.com\/home\/wp-json\/wp\/v2\/types\/post"}],"author":[{"embeddable":true,"href":"https:\/\/savohead.com\/home\/wp-json\/wp\/v2\/users\/1"}],"replies":[{"embeddable":true,"href":"https:\/\/savohead.com\/home\/wp-json\/wp\/v2\/comments?post=499"}],"version-history":[{"count":1,"href":"https:\/\/savohead.com\/home\/wp-json\/wp\/v2\/posts\/499\/revisions"}],"predecessor-version":[{"id":500,"href":"https:\/\/savohead.com\/home\/wp-json\/wp\/v2\/posts\/499\/revisions\/500"}],"wp:attachment":[{"href":"https:\/\/savohead.com\/home\/wp-json\/wp\/v2\/media?parent=499"}],"wp:term":[{"taxonomy":"category","embeddable":true,"href":"https:\/\/savohead.com\/home\/wp-json\/wp\/v2\/categories?post=499"},{"taxonomy":"post_tag","embeddable":true,"href":"https:\/\/savohead.com\/home\/wp-json\/wp\/v2\/tags?post=499"}],"curies":[{"name":"wp","href":"https:\/\/api.w.org\/{rel}","templated":true}]}}